{"id":20280,"date":"2026-08-31T10:00:00","date_gmt":"2026-08-31T08:00:00","guid":{"rendered":"https:\/\/syntony-gnss.com\/news\/expositions\/syntony-au-mondial-secours-et-protection-2026"},"modified":"2026-08-31T10:34:58","modified_gmt":"2026-08-31T08:34:58","slug":"syntony-au-mondial-secours-et-protection-2026","status":"publish","type":"post","link":"https:\/\/syntony-gnss.com\/fr\/news\/expositions\/syntony-au-mondial-secours-et-protection-2026","title":{"rendered":"Syntony au Mondial Secours et Protection 2026"},"content":{"rendered":"\t\t<div data-elementor-type=\"wp-post\" data-elementor-id=\"20280\" class=\"elementor elementor-20280 elementor-20240\" data-elementor-post-type=\"post\">\n\t\t\t\t<div class=\"elementor-element elementor-element-faa571d e-flex e-con-boxed e-con e-parent\" data-id=\"faa571d\" data-element_type=\"container\" data-e-type=\"container\" data-settings=\"{&quot;jet_parallax_layout_list&quot;:[]}\">\n\t\t\t\t\t<div class=\"e-con-inner\">\n\t\t\t\t<div class=\"elementor-element elementor-element-31672e2 elementor-widget elementor-widget-text-editor\" data-id=\"31672e2\" data-element_type=\"widget\" data-e-type=\"widget\" data-widget_type=\"text-editor.default\">\n\t\t\t\t\t\t\t\t\t<h2>Retrouvez Syntony GNSS au Mondial Secours et Protection 2026, sur le stand P22 de Safran<\/h2><p>Du <strong>30 septembre au 3 octobre<\/strong> 2026, Syntony sera \u00e0 <strong>Rochexpo<\/strong>, \u00e0 La Roche-sur-Foron, pour la toute premi\u00e8re \u00e9dition du <strong><a href=\"https:\/\/mondialsp2026.pompiers.fr\/\">Mondial Secours et Protection<\/a><\/strong> 2026. Cet \u00e9v\u00e8nement in\u00e9dit rassemble en un seul lieu le congr\u00e8s national des sapeurs-pompiers fran\u00e7ais, le salon professionnel d\u00e9di\u00e9 \u00e0 la s\u00fbret\u00e9 et \u00e0 la s\u00e9curit\u00e9, ainsi qu\u2019un village grand public consacr\u00e9 \u00e0 la s\u00e9curit\u00e9 civile. L&rsquo;\u00e9quipe sera pr\u00e9sente sur le <strong>stand n\u00b0 P22 de Safran<\/strong>. Les visiteurs pourront y rencontrer des services de secours, des acteurs de la s\u00e9curit\u00e9 civile et des d\u00e9cideurs d&rsquo;urgence.  <\/p><p> <\/p><h2>SubWAVE : localiser les secouristes l\u00e0 o\u00f9 les signaux GNSS ne passent pas<\/h2><p>Dans les tunnels, les mines et les infrastructures souterraines, les signaux satellites ne passent tout simplement pas naturellement. R\u00e9sultat : les victimes et les \u00e9quipes d&rsquo;intervention se retrouvent sans rep\u00e8res fiables. <strong><a href=\"https:\/\/syntony-gnss.com\/fr\/produits\/gps-coverage-extension-subwave\">SubWAVE<\/a><\/strong>, la solution GNSS souterraine de Syntony, r\u00e9sout ce probl\u00e8me. Elle g\u00e9n\u00e8re de vrais signaux GNSS sous terre, exploitables directement par des <strong>r\u00e9cepteurs GNSS standard<\/strong>. Les \u00e9quipes de pompiers et de secours sont d\u00e9j\u00e0 \u00e9quip\u00e9es de ces r\u00e9cepteurs ; aucun mat\u00e9riel sp\u00e9cifique n&rsquo;est \u00e0 ajouter. Et la transition entre positionnement ext\u00e9rieur et souterrain se fait de fa\u00e7on totalement transparente pour le r\u00e9cepteur.    <\/p><p> <\/p><h2>Une technologie d\u00e9j\u00e0 prouv\u00e9e sur le terrain<\/h2><p>SubWAVE a d\u00e9j\u00e0 fait ses preuves en conditions r\u00e9elles :<\/p><ul><li>\u00c0 <strong>La Mine Bleue<\/strong>, pr\u00e8s d&rsquo;Angers, Syntony a travaill\u00e9 avec le <strong>SDMIS de Lyon<\/strong> et<strong> CS Group<\/strong> pour filmer des pompiers suivis en temps r\u00e9el sous terre par SubWAVE, avec des radios classiques et le R\u00e9seau Radio du Futur. <\/li><li>Lors d&rsquo;un exercice grandeur nature organis\u00e9 sur une <strong>base a\u00e9rienne de l&rsquo;OTAN<\/strong>, SubWAVE a suivi les intervenants sous terre en temps r\u00e9el, pendant que les \u00e9quipes militaires et civiles coordonnaient l&rsquo;intervention gr\u00e2ce \u00e0 des r\u00e9cepteurs GNSS standard. <\/li><\/ul><p> <\/p><h2>Retour d&rsquo;exp\u00e9rience en direct avec le SDMIS de Lyon<\/h2><p>Sur le stand, Syntony proposera un retex en direct de cet exercice d&rsquo;urgence \u00e0 grande \u00e9chelle men\u00e9 sur une base a\u00e9rienne de l&rsquo;OTAN. Au cours de cet exercice, SubWAVE a suivi en temps r\u00e9el 60 pompiers et 30 v\u00e9hicules d&rsquo;intervention sous terre. <strong>Des pompiers du SDMIS de Lyon<\/strong>, qui ont particip\u00e9 \u00e0 l&rsquo;exercice, seront pr\u00e9sents pour partager leur retour d&rsquo;exp\u00e9rience sur le suivi GNSS souterrain en conditions r\u00e9elles. <\/p><p> <\/p><p>Venez voir SubWAVE \u00e0 l&rsquo;oeuvre sur le stand n\u00b0 P22 de Safran au Mondial Secours et Protection 2026, ou <a href=\"https:\/\/syntony-gnss.com\/fr\/contact\">contactez-nous<\/a> pour discuter de vos besoins en mati\u00e8re de positionnement souterrain.<\/p><p> <\/p><ul><li><a href=\"Extension de la couverture GPS - SubWAVE\u2122 - Syntony - underground GPS\">D\u00e9couvrez SubWAVE, notre solution de positionnement GNSS souterraine<\/a><\/li><li><a href=\"https:\/\/www.youtube.com\/watch?v=YQZ2nZvnqbA\">D\u00e9couvrez la d\u00e9monstration du projet SubWAVE \u00e0 La Mine Bleue, en collaboration avec le SDMIS de Lyon<\/a><\/li><\/ul>\t\t\t\t\t\t\t\t<\/div>\n\t\t\t\t\t<\/div>\n\t\t\t\t<\/div>\n\t\t<div class=\"elementor-element elementor-element-8283b9e e-flex e-con-boxed e-con e-parent\" data-id=\"8283b9e\" data-element_type=\"container\" data-e-type=\"container\" data-settings=\"{&quot;jet_parallax_layout_list&quot;:[]}\">\n\t\t\t\t\t<div class=\"e-con-inner\">\n\t\t\t\t<div class=\"elementor-element elementor-element-357f20d elementor-widget elementor-widget-video\" data-id=\"357f20d\" data-element_type=\"widget\" data-e-type=\"widget\" data-settings=\"{&quot;youtube_url&quot;:&quot;https:\\\/\\\/www.youtube.com\\\/watch?v=YQZ2nZvnqbA&quot;,&quot;autoplay&quot;:&quot;yes&quot;,&quot;mute&quot;:&quot;yes&quot;,&quot;lazy_load&quot;:&quot;yes&quot;,&quot;video_type&quot;:&quot;youtube&quot;,&quot;controls&quot;:&quot;yes&quot;}\" data-widget_type=\"video.default\">\n\t\t\t\t\t\t\t<div class=\"elementor-wrapper elementor-open-inline\">\n\t\t\t<div class=\"elementor-video\"><\/div>\t\t<\/div>\n\t\t\t\t\t\t<\/div>\n\t\t\t\t\t<\/div>\n\t\t\t\t<\/div>\n\t\t\t\t<\/div>\n\t\t","protected":false},"excerpt":{"rendered":"<p>Syntony GNSS sera pr\u00e9sent au Mondial Secours et Protection 2026, qui se tiendra du 30 septembre au 3 octobre \u00e0 Rochexpo, \u00e0 La Roche-sur-Foron, en Haute-Savoie. Sur le stand n\u00b0 P22 de Safran, l&rsquo;\u00e9quipe fera une d\u00e9monstration de SubWAVE, sa solution d&rsquo;extension de la couverture GNSS en milieu confin\u00e9, et animera un retour d&rsquo;exp\u00e9rience d&rsquo;urgence souterrain men\u00e9 avec l&rsquo;OTAN, en pr\u00e9sence de pompiers du SDMIS de Lyon venus t\u00e9moigner. <\/p>\n","protected":false},"author":14,"featured_media":20279,"comment_status":"closed","ping_status":"closed","sticky":false,"template":"","format":"standard","meta":{"footnotes":""},"categories":[10],"tags":[],"class_list":["post-20280","post","type-post","status-publish","format-standard","has-post-thumbnail","hentry","category-expositions"],"yoast_head":"<!-- This site is optimized with the Yoast SEO plugin v28.3 - https:\/\/yoast.com\/product\/yoast-seo-wordpress\/ -->\n<title>Syntony au Mondial Secours et Protection 2026 - Syntony Expositions<\/title>\n<meta name=\"description\" content=\"Syntony sera pr\u00e9sent au Mondial Secours et Protection 2026, du 30 septembre au 3 octobre \u00e0 La Roche-sur-Foron. Venez d\u00e9couvrir SubWAVE sur le stand P22 de Safran.\" \/>\n<meta name=\"robots\" content=\"index, follow, max-snippet:-1, max-image-preview:large, max-video-preview:-1\" \/>\n<link rel=\"canonical\" href=\"https:\/\/syntony-gnss.com\/fr\/news\/expositions\/syntony-au-mondial-secours-et-protection-2026\" \/>\n<meta property=\"og:locale\" content=\"fr_FR\" \/>\n<meta property=\"og:type\" content=\"article\" \/>\n<meta property=\"og:title\" content=\"Syntony au Mondial Secours et Protection 2026 - Syntony Expositions\" \/>\n<meta property=\"og:description\" content=\"Syntony sera pr\u00e9sent au Mondial Secours et Protection 2026, du 30 septembre au 3 octobre \u00e0 La Roche-sur-Foron. Venez d\u00e9couvrir SubWAVE sur le stand P22 de Safran.\" \/>\n<meta property=\"og:url\" content=\"https:\/\/syntony-gnss.com\/fr\/news\/expositions\/syntony-au-mondial-secours-et-protection-2026\" \/>\n<meta property=\"og:site_name\" content=\"Syntony\" \/>\n<meta property=\"article:publisher\" content=\"https:\/\/www.facebook.com\/SyntonyGNSS\/\" \/>\n<meta property=\"article:published_time\" content=\"2026-08-31T08:00:00+00:00\" \/>\n<meta property=\"article:modified_time\" content=\"2026-08-31T08:34:58+00:00\" \/>\n<meta property=\"og:image\" content=\"https:\/\/syntony-gnss.com\/wp-content\/uploads\/2026\/08\/Plan-de-travail-3.png\" \/>\n\t<meta property=\"og:image:width\" content=\"1209\" \/>\n\t<meta property=\"og:image:height\" content=\"677\" \/>\n\t<meta property=\"og:image:type\" content=\"image\/png\" \/>\n<meta name=\"author\" content=\"Camille CHABANON\" \/>\n<meta name=\"twitter:card\" content=\"summary_large_image\" \/>\n<meta name=\"twitter:creator\" content=\"@syntony_gnss\" \/>\n<meta name=\"twitter:site\" content=\"@syntony_gnss\" \/>\n<meta name=\"twitter:label1\" content=\"\u00c9crit par\" \/>\n\t<meta name=\"twitter:data1\" content=\"Camille CHABANON\" \/>\n\t<meta name=\"twitter:label2\" content=\"Dur\u00e9e de lecture estim\u00e9e\" \/>\n\t<meta name=\"twitter:data2\" content=\"2 minutes\" \/>\n<script type=\"application\/ld+json\" class=\"yoast-schema-graph\">{\"@context\":\"https:\\\/\\\/schema.org\",\"@graph\":[{\"@type\":\"Article\",\"@id\":\"https:\\\/\\\/syntony-gnss.com\\\/fr\\\/news\\\/expositions\\\/syntony-au-mondial-secours-et-protection-2026#article\",\"isPartOf\":{\"@id\":\"https:\\\/\\\/syntony-gnss.com\\\/fr\\\/news\\\/expositions\\\/syntony-au-mondial-secours-et-protection-2026\"},\"author\":{\"name\":\"Camille CHABANON\",\"@id\":\"https:\\\/\\\/syntony-gnss.com\\\/fr#\\\/schema\\\/person\\\/f2e926ff5c1650fbb894453babd40cc1\"},\"headline\":\"Syntony au Mondial Secours et Protection 2026\",\"datePublished\":\"2026-08-31T08:00:00+00:00\",\"dateModified\":\"2026-08-31T08:34:58+00:00\",\"mainEntityOfPage\":{\"@id\":\"https:\\\/\\\/syntony-gnss.com\\\/fr\\\/news\\\/expositions\\\/syntony-au-mondial-secours-et-protection-2026\"},\"wordCount\":490,\"publisher\":{\"@id\":\"https:\\\/\\\/syntony-gnss.com\\\/fr#organization\"},\"image\":{\"@id\":\"https:\\\/\\\/syntony-gnss.com\\\/fr\\\/news\\\/expositions\\\/syntony-au-mondial-secours-et-protection-2026#primaryimage\"},\"thumbnailUrl\":\"https:\\\/\\\/syntony-gnss.com\\\/wp-content\\\/uploads\\\/2026\\\/08\\\/Plan-de-travail-3.png\",\"articleSection\":[\"Expositions\"],\"inLanguage\":\"fr-FR\"},{\"@type\":\"WebPage\",\"@id\":\"https:\\\/\\\/syntony-gnss.com\\\/fr\\\/news\\\/expositions\\\/syntony-au-mondial-secours-et-protection-2026\",\"url\":\"https:\\\/\\\/syntony-gnss.com\\\/fr\\\/news\\\/expositions\\\/syntony-au-mondial-secours-et-protection-2026\",\"name\":\"Syntony au Mondial Secours et Protection 2026 - Syntony Expositions\",\"isPartOf\":{\"@id\":\"https:\\\/\\\/syntony-gnss.com\\\/fr#website\"},\"primaryImageOfPage\":{\"@id\":\"https:\\\/\\\/syntony-gnss.com\\\/fr\\\/news\\\/expositions\\\/syntony-au-mondial-secours-et-protection-2026#primaryimage\"},\"image\":{\"@id\":\"https:\\\/\\\/syntony-gnss.com\\\/fr\\\/news\\\/expositions\\\/syntony-au-mondial-secours-et-protection-2026#primaryimage\"},\"thumbnailUrl\":\"https:\\\/\\\/syntony-gnss.com\\\/wp-content\\\/uploads\\\/2026\\\/08\\\/Plan-de-travail-3.png\",\"datePublished\":\"2026-08-31T08:00:00+00:00\",\"dateModified\":\"2026-08-31T08:34:58+00:00\",\"description\":\"Syntony sera pr\u00e9sent au Mondial Secours et Protection 2026, du 30 septembre au 3 octobre \u00e0 La Roche-sur-Foron. Venez d\u00e9couvrir SubWAVE sur le stand P22 de Safran.\",\"breadcrumb\":{\"@id\":\"https:\\\/\\\/syntony-gnss.com\\\/fr\\\/news\\\/expositions\\\/syntony-au-mondial-secours-et-protection-2026#breadcrumb\"},\"inLanguage\":\"fr-FR\",\"potentialAction\":[{\"@type\":\"ReadAction\",\"target\":[\"https:\\\/\\\/syntony-gnss.com\\\/fr\\\/news\\\/expositions\\\/syntony-au-mondial-secours-et-protection-2026\"]}]},{\"@type\":\"ImageObject\",\"inLanguage\":\"fr-FR\",\"@id\":\"https:\\\/\\\/syntony-gnss.com\\\/fr\\\/news\\\/expositions\\\/syntony-au-mondial-secours-et-protection-2026#primaryimage\",\"url\":\"https:\\\/\\\/syntony-gnss.com\\\/wp-content\\\/uploads\\\/2026\\\/08\\\/Plan-de-travail-3.png\",\"contentUrl\":\"https:\\\/\\\/syntony-gnss.com\\\/wp-content\\\/uploads\\\/2026\\\/08\\\/Plan-de-travail-3.png\",\"width\":1209,\"height\":677,\"caption\":\"Venez d\u00e9couvrir Syntony GNSS au Mondial Secours et Protection 2026\"},{\"@type\":\"BreadcrumbList\",\"@id\":\"https:\\\/\\\/syntony-gnss.com\\\/fr\\\/news\\\/expositions\\\/syntony-au-mondial-secours-et-protection-2026#breadcrumb\",\"itemListElement\":[{\"@type\":\"ListItem\",\"position\":1,\"name\":\"Accueil\",\"item\":\"https:\\\/\\\/syntony-gnss.com\\\/fr\"},{\"@type\":\"ListItem\",\"position\":2,\"name\":\"Expositions\",\"item\":\"https:\\\/\\\/syntony-gnss.com\\\/fr\\\/news\\\/category\\\/expositions\"},{\"@type\":\"ListItem\",\"position\":3,\"name\":\"Syntony au Mondial Secours et Protection 2026\"}]},{\"@type\":\"WebSite\",\"@id\":\"https:\\\/\\\/syntony-gnss.com\\\/fr#website\",\"url\":\"https:\\\/\\\/syntony-gnss.com\\\/fr\",\"name\":\"Syntony\",\"description\":\"Shaping the future of navigation\",\"publisher\":{\"@id\":\"https:\\\/\\\/syntony-gnss.com\\\/fr#organization\"},\"potentialAction\":[{\"@type\":\"SearchAction\",\"target\":{\"@type\":\"EntryPoint\",\"urlTemplate\":\"https:\\\/\\\/syntony-gnss.com\\\/fr?s={search_term_string}\"},\"query-input\":{\"@type\":\"PropertyValueSpecification\",\"valueRequired\":true,\"valueName\":\"search_term_string\"}}],\"inLanguage\":\"fr-FR\"},{\"@type\":\"Organization\",\"@id\":\"https:\\\/\\\/syntony-gnss.com\\\/fr#organization\",\"name\":\"Syntony\",\"url\":\"https:\\\/\\\/syntony-gnss.com\\\/fr\",\"logo\":{\"@type\":\"ImageObject\",\"inLanguage\":\"fr-FR\",\"@id\":\"https:\\\/\\\/syntony-gnss.com\\\/fr#\\\/schema\\\/logo\\\/image\\\/\",\"url\":\"https:\\\/\\\/syntony-gnss.com\\\/wp-content\\\/uploads\\\/2022\\\/07\\\/Logo_Syntony_couleur_Encours-01.svg\",\"contentUrl\":\"https:\\\/\\\/syntony-gnss.com\\\/wp-content\\\/uploads\\\/2022\\\/07\\\/Logo_Syntony_couleur_Encours-01.svg\",\"width\":191.99,\"height\":139.49,\"caption\":\"Syntony\"},\"image\":{\"@id\":\"https:\\\/\\\/syntony-gnss.com\\\/fr#\\\/schema\\\/logo\\\/image\\\/\"},\"sameAs\":[\"https:\\\/\\\/www.facebook.com\\\/SyntonyGNSS\\\/\",\"https:\\\/\\\/x.com\\\/syntony_gnss\",\"https:\\\/\\\/www.youtube.com\\\/channel\\\/UCHnOwENvOehAjwFiy0Qd3Ww\",\"https:\\\/\\\/www.linkedin.com\\\/company\\\/syntony-gnss\\\/?originalSubdomain=fr\"]},{\"@type\":\"Person\",\"@id\":\"https:\\\/\\\/syntony-gnss.com\\\/fr#\\\/schema\\\/person\\\/f2e926ff5c1650fbb894453babd40cc1\",\"name\":\"Camille CHABANON\",\"image\":{\"@type\":\"ImageObject\",\"inLanguage\":\"fr-FR\",\"@id\":\"https:\\\/\\\/secure.gravatar.com\\\/avatar\\\/ee88fe2c3ca0bd629cef2645b14871f11f037bd52e5dbcb72028a8ebaf990685?s=96&d=mm&r=g\",\"url\":\"https:\\\/\\\/secure.gravatar.com\\\/avatar\\\/ee88fe2c3ca0bd629cef2645b14871f11f037bd52e5dbcb72028a8ebaf990685?s=96&d=mm&r=g\",\"contentUrl\":\"https:\\\/\\\/secure.gravatar.com\\\/avatar\\\/ee88fe2c3ca0bd629cef2645b14871f11f037bd52e5dbcb72028a8ebaf990685?s=96&d=mm&r=g\",\"caption\":\"Camille CHABANON\"},\"sameAs\":[\"http:\\\/\\\/www.syntony-gnss.com\"],\"url\":\"https:\\\/\\\/syntony-gnss.com\\\/fr\\\/news\\\/author\\\/camille\"}]}<\/script>\n<!-- \/ Yoast SEO plugin. -->","yoast_head_json":{"title":"Syntony au Mondial Secours et Protection 2026 - Syntony Expositions","description":"Syntony sera pr\u00e9sent au Mondial Secours et Protection 2026, du 30 septembre au 3 octobre \u00e0 La Roche-sur-Foron. Venez d\u00e9couvrir SubWAVE sur le stand P22 de Safran.","robots":{"index":"index","follow":"follow","max-snippet":"max-snippet:-1","max-image-preview":"max-image-preview:large","max-video-preview":"max-video-preview:-1"},"canonical":"https:\/\/syntony-gnss.com\/fr\/news\/expositions\/syntony-au-mondial-secours-et-protection-2026","og_locale":"fr_FR","og_type":"article","og_title":"Syntony au Mondial Secours et Protection 2026 - Syntony Expositions","og_description":"Syntony sera pr\u00e9sent au Mondial Secours et Protection 2026, du 30 septembre au 3 octobre \u00e0 La Roche-sur-Foron. Venez d\u00e9couvrir SubWAVE sur le stand P22 de Safran.","og_url":"https:\/\/syntony-gnss.com\/fr\/news\/expositions\/syntony-au-mondial-secours-et-protection-2026","og_site_name":"Syntony","article_publisher":"https:\/\/www.facebook.com\/SyntonyGNSS\/","article_published_time":"2026-08-31T08:00:00+00:00","article_modified_time":"2026-08-31T08:34:58+00:00","og_image":[{"width":1209,"height":677,"url":"https:\/\/syntony-gnss.com\/wp-content\/uploads\/2026\/08\/Plan-de-travail-3.png","type":"image\/png"}],"author":"Camille CHABANON","twitter_card":"summary_large_image","twitter_creator":"@syntony_gnss","twitter_site":"@syntony_gnss","twitter_misc":{"\u00c9crit par":"Camille CHABANON","Dur\u00e9e de lecture estim\u00e9e":"2 minutes"},"schema":{"@context":"https:\/\/schema.org","@graph":[{"@type":"Article","@id":"https:\/\/syntony-gnss.com\/fr\/news\/expositions\/syntony-au-mondial-secours-et-protection-2026#article","isPartOf":{"@id":"https:\/\/syntony-gnss.com\/fr\/news\/expositions\/syntony-au-mondial-secours-et-protection-2026"},"author":{"name":"Camille CHABANON","@id":"https:\/\/syntony-gnss.com\/fr#\/schema\/person\/f2e926ff5c1650fbb894453babd40cc1"},"headline":"Syntony au Mondial Secours et Protection 2026","datePublished":"2026-08-31T08:00:00+00:00","dateModified":"2026-08-31T08:34:58+00:00","mainEntityOfPage":{"@id":"https:\/\/syntony-gnss.com\/fr\/news\/expositions\/syntony-au-mondial-secours-et-protection-2026"},"wordCount":490,"publisher":{"@id":"https:\/\/syntony-gnss.com\/fr#organization"},"image":{"@id":"https:\/\/syntony-gnss.com\/fr\/news\/expositions\/syntony-au-mondial-secours-et-protection-2026#primaryimage"},"thumbnailUrl":"https:\/\/syntony-gnss.com\/wp-content\/uploads\/2026\/08\/Plan-de-travail-3.png","articleSection":["Expositions"],"inLanguage":"fr-FR"},{"@type":"WebPage","@id":"https:\/\/syntony-gnss.com\/fr\/news\/expositions\/syntony-au-mondial-secours-et-protection-2026","url":"https:\/\/syntony-gnss.com\/fr\/news\/expositions\/syntony-au-mondial-secours-et-protection-2026","name":"Syntony au Mondial Secours et Protection 2026 - Syntony Expositions","isPartOf":{"@id":"https:\/\/syntony-gnss.com\/fr#website"},"primaryImageOfPage":{"@id":"https:\/\/syntony-gnss.com\/fr\/news\/expositions\/syntony-au-mondial-secours-et-protection-2026#primaryimage"},"image":{"@id":"https:\/\/syntony-gnss.com\/fr\/news\/expositions\/syntony-au-mondial-secours-et-protection-2026#primaryimage"},"thumbnailUrl":"https:\/\/syntony-gnss.com\/wp-content\/uploads\/2026\/08\/Plan-de-travail-3.png","datePublished":"2026-08-31T08:00:00+00:00","dateModified":"2026-08-31T08:34:58+00:00","description":"Syntony sera pr\u00e9sent au Mondial Secours et Protection 2026, du 30 septembre au 3 octobre \u00e0 La Roche-sur-Foron. Venez d\u00e9couvrir SubWAVE sur le stand P22 de Safran.","breadcrumb":{"@id":"https:\/\/syntony-gnss.com\/fr\/news\/expositions\/syntony-au-mondial-secours-et-protection-2026#breadcrumb"},"inLanguage":"fr-FR","potentialAction":[{"@type":"ReadAction","target":["https:\/\/syntony-gnss.com\/fr\/news\/expositions\/syntony-au-mondial-secours-et-protection-2026"]}]},{"@type":"ImageObject","inLanguage":"fr-FR","@id":"https:\/\/syntony-gnss.com\/fr\/news\/expositions\/syntony-au-mondial-secours-et-protection-2026#primaryimage","url":"https:\/\/syntony-gnss.com\/wp-content\/uploads\/2026\/08\/Plan-de-travail-3.png","contentUrl":"https:\/\/syntony-gnss.com\/wp-content\/uploads\/2026\/08\/Plan-de-travail-3.png","width":1209,"height":677,"caption":"Venez d\u00e9couvrir Syntony GNSS au Mondial Secours et Protection 2026"},{"@type":"BreadcrumbList","@id":"https:\/\/syntony-gnss.com\/fr\/news\/expositions\/syntony-au-mondial-secours-et-protection-2026#breadcrumb","itemListElement":[{"@type":"ListItem","position":1,"name":"Accueil","item":"https:\/\/syntony-gnss.com\/fr"},{"@type":"ListItem","position":2,"name":"Expositions","item":"https:\/\/syntony-gnss.com\/fr\/news\/category\/expositions"},{"@type":"ListItem","position":3,"name":"Syntony au Mondial Secours et Protection 2026"}]},{"@type":"WebSite","@id":"https:\/\/syntony-gnss.com\/fr#website","url":"https:\/\/syntony-gnss.com\/fr","name":"Syntony","description":"Shaping the future of navigation","publisher":{"@id":"https:\/\/syntony-gnss.com\/fr#organization"},"potentialAction":[{"@type":"SearchAction","target":{"@type":"EntryPoint","urlTemplate":"https:\/\/syntony-gnss.com\/fr?s={search_term_string}"},"query-input":{"@type":"PropertyValueSpecification","valueRequired":true,"valueName":"search_term_string"}}],"inLanguage":"fr-FR"},{"@type":"Organization","@id":"https:\/\/syntony-gnss.com\/fr#organization","name":"Syntony","url":"https:\/\/syntony-gnss.com\/fr","logo":{"@type":"ImageObject","inLanguage":"fr-FR","@id":"https:\/\/syntony-gnss.com\/fr#\/schema\/logo\/image\/","url":"https:\/\/syntony-gnss.com\/wp-content\/uploads\/2022\/07\/Logo_Syntony_couleur_Encours-01.svg","contentUrl":"https:\/\/syntony-gnss.com\/wp-content\/uploads\/2022\/07\/Logo_Syntony_couleur_Encours-01.svg","width":191.99,"height":139.49,"caption":"Syntony"},"image":{"@id":"https:\/\/syntony-gnss.com\/fr#\/schema\/logo\/image\/"},"sameAs":["https:\/\/www.facebook.com\/SyntonyGNSS\/","https:\/\/x.com\/syntony_gnss","https:\/\/www.youtube.com\/channel\/UCHnOwENvOehAjwFiy0Qd3Ww","https:\/\/www.linkedin.com\/company\/syntony-gnss\/?originalSubdomain=fr"]},{"@type":"Person","@id":"https:\/\/syntony-gnss.com\/fr#\/schema\/person\/f2e926ff5c1650fbb894453babd40cc1","name":"Camille CHABANON","image":{"@type":"ImageObject","inLanguage":"fr-FR","@id":"https:\/\/secure.gravatar.com\/avatar\/ee88fe2c3ca0bd629cef2645b14871f11f037bd52e5dbcb72028a8ebaf990685?s=96&d=mm&r=g","url":"https:\/\/secure.gravatar.com\/avatar\/ee88fe2c3ca0bd629cef2645b14871f11f037bd52e5dbcb72028a8ebaf990685?s=96&d=mm&r=g","contentUrl":"https:\/\/secure.gravatar.com\/avatar\/ee88fe2c3ca0bd629cef2645b14871f11f037bd52e5dbcb72028a8ebaf990685?s=96&d=mm&r=g","caption":"Camille CHABANON"},"sameAs":["http:\/\/www.syntony-gnss.com"],"url":"https:\/\/syntony-gnss.com\/fr\/news\/author\/camille"}]}},"_links":{"self":[{"href":"https:\/\/syntony-gnss.com\/fr\/wp-json\/wp\/v2\/posts\/20280","targetHints":{"allow":["GET"]}}],"collection":[{"href":"https:\/\/syntony-gnss.com\/fr\/wp-json\/wp\/v2\/posts"}],"about":[{"href":"https:\/\/syntony-gnss.com\/fr\/wp-json\/wp\/v2\/types\/post"}],"author":[{"embeddable":true,"href":"https:\/\/syntony-gnss.com\/fr\/wp-json\/wp\/v2\/users\/14"}],"replies":[{"embeddable":true,"href":"https:\/\/syntony-gnss.com\/fr\/wp-json\/wp\/v2\/comments?post=20280"}],"version-history":[{"count":3,"href":"https:\/\/syntony-gnss.com\/fr\/wp-json\/wp\/v2\/posts\/20280\/revisions"}],"predecessor-version":[{"id":20283,"href":"https:\/\/syntony-gnss.com\/fr\/wp-json\/wp\/v2\/posts\/20280\/revisions\/20283"}],"wp:featuredmedia":[{"embeddable":true,"href":"https:\/\/syntony-gnss.com\/fr\/wp-json\/wp\/v2\/media\/20279"}],"wp:attachment":[{"href":"https:\/\/syntony-gnss.com\/fr\/wp-json\/wp\/v2\/media?parent=20280"}],"wp:term":[{"taxonomy":"category","embeddable":true,"href":"https:\/\/syntony-gnss.com\/fr\/wp-json\/wp\/v2\/categories?post=20280"},{"taxonomy":"post_tag","embeddable":true,"href":"https:\/\/syntony-gnss.com\/fr\/wp-json\/wp\/v2\/tags?post=20280"}],"curies":[{"name":"wp","href":"https:\/\/api.w.org\/{rel}","templated":true}]}}